{"id":721,"date":"2019-02-20T15:19:17","date_gmt":"2019-02-20T15:19:17","guid":{"rendered":"http:\/\/www.isoluz.com\/?p=721"},"modified":"2020-02-26T13:27:16","modified_gmt":"2020-02-26T13:27:16","slug":"8o-edicion-de-transfiere-foro-europeo-para-la-ciencia-tecnologia-e-innovacion-celebrado-en-el-palacio-de-ferias-y-congresos-de-malaga","status":"publish","type":"post","link":"https:\/\/www.isoluz.com\/fr\/8o-edicion-de-transfiere-foro-europeo-para-la-ciencia-tecnologia-e-innovacion-celebrado-en-el-palacio-de-ferias-y-congresos-de-malaga\/","title":{"rendered":"8\u00ba Edici\u00f3n de Transfiere, Foro Europeo para la Ciencia, T\u00e9cnolog\u00eda e Innovaci\u00f3n, celebrado en el Palacio de Ferias y Congresos de M\u00e1laga."},"content":{"rendered":"<p>El pasado 13 y 14 de febrero tuvo lugar la celebraci\u00f3n de la 8\u00ba edici\u00f3n de Transfiere, Foro Europeo para la Ciencia, T\u00e9cnolog\u00eda e Innovaci\u00f3n; evento realizado en el\u00a0<strong>Palacio de Ferias y Congresos de M\u00e1laga<\/strong>, y que re\u00fane los principales agentes del I+D+i espa\u00f1oles; cont\u00f3 este a\u00f1o con mas de 4.500 participantes procedentes de 1.800 entidades.<\/p>\n<p>De esta forma, esta cita se convierte en una ocasi\u00f3n id\u00f3nea para aprovechar las oportunidades reales de negocio que ofrece la innovaci\u00f3n, vinculadas a la transferencia de conocimiento entre investigaci\u00f3n y empresas. Para ello, en este\u00a0<strong>foro<\/strong>\u00a0se realizan encuentros y presentaciones entre los diferentes agentes del ecosistema de innovaci\u00f3n.<\/p>\n<p>Isoluz Audiovisuales suministr\u00f3 todo el material audiovisual y de iluminaci\u00f3n necesario para la celebraci\u00f3n de este importante evento espa\u00f1ol<\/p>\n","protected":false},"excerpt":{"rendered":"<p>El pasado 13 y 14 de febrero tuvo lugar la celebraci\u00f3n de la 8\u00ba edici\u00f3n de Transfiere, Foro Europeo para la Ciencia, T\u00e9cnolog\u00eda e Innovaci\u00f3n; evento realizado en el Palacio de Ferias y Congresos de M\u00e1laga.<\/p>\n","protected":false},"author":1,"featured_media":795,"comment_status":"open","ping_status":"open","sticky":false,"template":"","format":"standard","meta":{"_acf_changed":false,"footnotes":""},"categories":[1],"tags":[],"class_list":["post-721","post","type-post","status-publish","format-standard","has-post-thumbnail","hentry","category-sin-categorizar"],"acf":[],"yoast_head":"<!-- This site is optimized with the Yoast SEO plugin v27.4 - https:\/\/yoast.com\/product\/yoast-seo-wordpress\/ -->\n<title>8\u00ba Edici\u00f3n de Transfiere, Foro Europeo para la Ciencia, T\u00e9cnolog\u00eda e Innovaci\u00f3n, celebrado en el Palacio de Ferias y Congresos de M\u00e1laga. - Isoluz<\/title>\n<meta name=\"robots\" content=\"index, follow, max-snippet:-1, max-image-preview:large, max-video-preview:-1\" \/>\n<link rel=\"canonical\" href=\"https:\/\/www.isoluz.com\/8o-edicion-de-transfiere-foro-europeo-para-la-ciencia-tecnologia-e-innovacion-celebrado-en-el-palacio-de-ferias-y-congresos-de-malaga\/\" \/>\n<meta property=\"og:locale\" content=\"fr_FR\" \/>\n<meta property=\"og:type\" content=\"article\" \/>\n<meta property=\"og:title\" content=\"8\u00ba Edici\u00f3n de Transfiere, Foro Europeo para la Ciencia, T\u00e9cnolog\u00eda e Innovaci\u00f3n, celebrado en el Palacio de Ferias y Congresos de M\u00e1laga. - Isoluz\" \/>\n<meta property=\"og:description\" content=\"El pasado 13 y 14 de febrero tuvo lugar la celebraci\u00f3n de la 8\u00ba edici\u00f3n de Transfiere, Foro Europeo para la Ciencia, T\u00e9cnolog\u00eda e Innovaci\u00f3n; evento realizado en el Palacio de Ferias y Congresos de M\u00e1laga.\" \/>\n<meta property=\"og:url\" content=\"https:\/\/www.isoluz.com\/8o-edicion-de-transfiere-foro-europeo-para-la-ciencia-tecnologia-e-innovacion-celebrado-en-el-palacio-de-ferias-y-congresos-de-malaga\/\" \/>\n<meta property=\"og:site_name\" content=\"Isoluz\" \/>\n<meta property=\"article:publisher\" content=\"https:\/\/www.facebook.com\/isoluzav\" \/>\n<meta property=\"article:published_time\" content=\"2019-02-20T15:19:17+00:00\" \/>\n<meta property=\"article:modified_time\" content=\"2020-02-26T13:27:16+00:00\" \/>\n<meta property=\"og:image\" content=\"https:\/\/www.isoluz.com\/wp-content\/uploads\/2020\/02\/transfiere-2019-01.jpg\" \/>\n\t<meta property=\"og:image:width\" content=\"2000\" \/>\n\t<meta property=\"og:image:height\" content=\"1333\" \/>\n\t<meta property=\"og:image:type\" content=\"image\/jpeg\" \/>\n<meta name=\"author\" content=\"dacmail\" \/>\n<meta name=\"twitter:card\" content=\"summary_large_image\" \/>\n<meta name=\"twitter:label1\" content=\"Written by\" \/>\n\t<meta name=\"twitter:data1\" content=\"dacmail\" \/>\n\t<meta name=\"twitter:label2\" content=\"Est. reading time\" \/>\n\t<meta name=\"twitter:data2\" content=\"1 minute\" \/>\n<script type=\"application\/ld+json\" class=\"yoast-schema-graph\">{\"@context\":\"https:\\\/\\\/schema.org\",\"@graph\":[{\"@type\":\"Article\",\"@id\":\"https:\\\/\\\/www.isoluz.com\\\/8o-edicion-de-transfiere-foro-europeo-para-la-ciencia-tecnologia-e-innovacion-celebrado-en-el-palacio-de-ferias-y-congresos-de-malaga\\\/#article\",\"isPartOf\":{\"@id\":\"https:\\\/\\\/www.isoluz.com\\\/8o-edicion-de-transfiere-foro-europeo-para-la-ciencia-tecnologia-e-innovacion-celebrado-en-el-palacio-de-ferias-y-congresos-de-malaga\\\/\"},\"author\":{\"name\":\"dacmail\",\"@id\":\"https:\\\/\\\/www.isoluz.com\\\/en\\\/#\\\/schema\\\/person\\\/dc57e9a23f4b8d27d1bd821318d4b53d\"},\"headline\":\"8\u00ba Edici\u00f3n de Transfiere, Foro Europeo para la Ciencia, T\u00e9cnolog\u00eda e Innovaci\u00f3n, celebrado en el Palacio de Ferias y Congresos de M\u00e1laga.\",\"datePublished\":\"2019-02-20T15:19:17+00:00\",\"dateModified\":\"2020-02-26T13:27:16+00:00\",\"mainEntityOfPage\":{\"@id\":\"https:\\\/\\\/www.isoluz.com\\\/8o-edicion-de-transfiere-foro-europeo-para-la-ciencia-tecnologia-e-innovacion-celebrado-en-el-palacio-de-ferias-y-congresos-de-malaga\\\/\"},\"wordCount\":166,\"commentCount\":0,\"publisher\":{\"@id\":\"https:\\\/\\\/www.isoluz.com\\\/en\\\/#organization\"},\"image\":{\"@id\":\"https:\\\/\\\/www.isoluz.com\\\/8o-edicion-de-transfiere-foro-europeo-para-la-ciencia-tecnologia-e-innovacion-celebrado-en-el-palacio-de-ferias-y-congresos-de-malaga\\\/#primaryimage\"},\"thumbnailUrl\":\"https:\\\/\\\/www.isoluz.com\\\/wp-content\\\/uploads\\\/2020\\\/02\\\/transfiere-2019-01.jpg\",\"articleSection\":[\"Sin categorizar\"],\"inLanguage\":\"fr-FR\",\"potentialAction\":[{\"@type\":\"CommentAction\",\"name\":\"Comment\",\"target\":[\"https:\\\/\\\/www.isoluz.com\\\/8o-edicion-de-transfiere-foro-europeo-para-la-ciencia-tecnologia-e-innovacion-celebrado-en-el-palacio-de-ferias-y-congresos-de-malaga\\\/#respond\"]}]},{\"@type\":\"WebPage\",\"@id\":\"https:\\\/\\\/www.isoluz.com\\\/8o-edicion-de-transfiere-foro-europeo-para-la-ciencia-tecnologia-e-innovacion-celebrado-en-el-palacio-de-ferias-y-congresos-de-malaga\\\/\",\"url\":\"https:\\\/\\\/www.isoluz.com\\\/8o-edicion-de-transfiere-foro-europeo-para-la-ciencia-tecnologia-e-innovacion-celebrado-en-el-palacio-de-ferias-y-congresos-de-malaga\\\/\",\"name\":\"8\u00ba Edici\u00f3n de Transfiere, Foro Europeo para la Ciencia, T\u00e9cnolog\u00eda e Innovaci\u00f3n, celebrado en el Palacio de Ferias y Congresos de M\u00e1laga. - Isoluz\",\"isPartOf\":{\"@id\":\"https:\\\/\\\/www.isoluz.com\\\/en\\\/#website\"},\"primaryImageOfPage\":{\"@id\":\"https:\\\/\\\/www.isoluz.com\\\/8o-edicion-de-transfiere-foro-europeo-para-la-ciencia-tecnologia-e-innovacion-celebrado-en-el-palacio-de-ferias-y-congresos-de-malaga\\\/#primaryimage\"},\"image\":{\"@id\":\"https:\\\/\\\/www.isoluz.com\\\/8o-edicion-de-transfiere-foro-europeo-para-la-ciencia-tecnologia-e-innovacion-celebrado-en-el-palacio-de-ferias-y-congresos-de-malaga\\\/#primaryimage\"},\"thumbnailUrl\":\"https:\\\/\\\/www.isoluz.com\\\/wp-content\\\/uploads\\\/2020\\\/02\\\/transfiere-2019-01.jpg\",\"datePublished\":\"2019-02-20T15:19:17+00:00\",\"dateModified\":\"2020-02-26T13:27:16+00:00\",\"breadcrumb\":{\"@id\":\"https:\\\/\\\/www.isoluz.com\\\/8o-edicion-de-transfiere-foro-europeo-para-la-ciencia-tecnologia-e-innovacion-celebrado-en-el-palacio-de-ferias-y-congresos-de-malaga\\\/#breadcrumb\"},\"inLanguage\":\"fr-FR\",\"potentialAction\":[{\"@type\":\"ReadAction\",\"target\":[\"https:\\\/\\\/www.isoluz.com\\\/8o-edicion-de-transfiere-foro-europeo-para-la-ciencia-tecnologia-e-innovacion-celebrado-en-el-palacio-de-ferias-y-congresos-de-malaga\\\/\"]}]},{\"@type\":\"ImageObject\",\"inLanguage\":\"fr-FR\",\"@id\":\"https:\\\/\\\/www.isoluz.com\\\/8o-edicion-de-transfiere-foro-europeo-para-la-ciencia-tecnologia-e-innovacion-celebrado-en-el-palacio-de-ferias-y-congresos-de-malaga\\\/#primaryimage\",\"url\":\"https:\\\/\\\/www.isoluz.com\\\/wp-content\\\/uploads\\\/2020\\\/02\\\/transfiere-2019-01.jpg\",\"contentUrl\":\"https:\\\/\\\/www.isoluz.com\\\/wp-content\\\/uploads\\\/2020\\\/02\\\/transfiere-2019-01.jpg\",\"width\":2000,\"height\":1333},{\"@type\":\"BreadcrumbList\",\"@id\":\"https:\\\/\\\/www.isoluz.com\\\/8o-edicion-de-transfiere-foro-europeo-para-la-ciencia-tecnologia-e-innovacion-celebrado-en-el-palacio-de-ferias-y-congresos-de-malaga\\\/#breadcrumb\",\"itemListElement\":[{\"@type\":\"ListItem\",\"position\":1,\"name\":\"Portada\",\"item\":\"https:\\\/\\\/www.isoluz.com\\\/fr\\\/\"},{\"@type\":\"ListItem\",\"position\":2,\"name\":\"8\u00ba Edici\u00f3n de Transfiere, Foro Europeo para la Ciencia, T\u00e9cnolog\u00eda e Innovaci\u00f3n, celebrado en el Palacio de Ferias y Congresos de M\u00e1laga.\"}]},{\"@type\":\"WebSite\",\"@id\":\"https:\\\/\\\/www.isoluz.com\\\/en\\\/#website\",\"url\":\"https:\\\/\\\/www.isoluz.com\\\/en\\\/\",\"name\":\"Isoluz\",\"description\":\"Nous construisons des exp\u00e9riences \u00e9blouissantes qui connectent les id\u00e9es et les personnes.\",\"publisher\":{\"@id\":\"https:\\\/\\\/www.isoluz.com\\\/en\\\/#organization\"},\"potentialAction\":[{\"@type\":\"SearchAction\",\"target\":{\"@type\":\"EntryPoint\",\"urlTemplate\":\"https:\\\/\\\/www.isoluz.com\\\/en\\\/?s={search_term_string}\"},\"query-input\":{\"@type\":\"PropertyValueSpecification\",\"valueRequired\":true,\"valueName\":\"search_term_string\"}}],\"inLanguage\":\"fr-FR\"},{\"@type\":\"Organization\",\"@id\":\"https:\\\/\\\/www.isoluz.com\\\/en\\\/#organization\",\"name\":\"Isoluz\",\"url\":\"https:\\\/\\\/www.isoluz.com\\\/en\\\/\",\"logo\":{\"@type\":\"ImageObject\",\"inLanguage\":\"fr-FR\",\"@id\":\"https:\\\/\\\/www.isoluz.com\\\/en\\\/#\\\/schema\\\/logo\\\/image\\\/\",\"url\":\"https:\\\/\\\/www.isoluz.com\\\/wp-content\\\/uploads\\\/2025\\\/02\\\/isoluz-logotipo.png\",\"contentUrl\":\"https:\\\/\\\/www.isoluz.com\\\/wp-content\\\/uploads\\\/2025\\\/02\\\/isoluz-logotipo.png\",\"width\":467,\"height\":188,\"caption\":\"Isoluz\"},\"image\":{\"@id\":\"https:\\\/\\\/www.isoluz.com\\\/en\\\/#\\\/schema\\\/logo\\\/image\\\/\"},\"sameAs\":[\"https:\\\/\\\/www.facebook.com\\\/isoluzav\",\"https:\\\/\\\/www.instagram.com\\\/isoluz_audiovisuales\\\/\",\"https:\\\/\\\/www.linkedin.com\\\/company\\\/67884989\\\/admin\\\/\"]},{\"@type\":\"Person\",\"@id\":\"https:\\\/\\\/www.isoluz.com\\\/en\\\/#\\\/schema\\\/person\\\/dc57e9a23f4b8d27d1bd821318d4b53d\",\"name\":\"dacmail\",\"image\":{\"@type\":\"ImageObject\",\"inLanguage\":\"fr-FR\",\"@id\":\"https:\\\/\\\/secure.gravatar.com\\\/avatar\\\/6558984ab2dc9134d66f12fd70deb173e481b74f155e0e6108a54b062919436d?s=96&d=mm&r=g\",\"url\":\"https:\\\/\\\/secure.gravatar.com\\\/avatar\\\/6558984ab2dc9134d66f12fd70deb173e481b74f155e0e6108a54b062919436d?s=96&d=mm&r=g\",\"contentUrl\":\"https:\\\/\\\/secure.gravatar.com\\\/avatar\\\/6558984ab2dc9134d66f12fd70deb173e481b74f155e0e6108a54b062919436d?s=96&d=mm&r=g\",\"caption\":\"dacmail\"},\"url\":\"https:\\\/\\\/www.isoluz.com\\\/fr\\\/author\\\/dacmail\\\/\"}]}<\/script>\n<!-- \/ Yoast SEO plugin. -->","yoast_head_json":{"title":"8\u00ba Edici\u00f3n de Transfiere, Foro Europeo para la Ciencia, T\u00e9cnolog\u00eda e Innovaci\u00f3n, celebrado en el Palacio de Ferias y Congresos de M\u00e1laga. - Isoluz","robots":{"index":"index","follow":"follow","max-snippet":"max-snippet:-1","max-image-preview":"max-image-preview:large","max-video-preview":"max-video-preview:-1"},"canonical":"https:\/\/www.isoluz.com\/8o-edicion-de-transfiere-foro-europeo-para-la-ciencia-tecnologia-e-innovacion-celebrado-en-el-palacio-de-ferias-y-congresos-de-malaga\/","og_locale":"fr_FR","og_type":"article","og_title":"8\u00ba Edici\u00f3n de Transfiere, Foro Europeo para la Ciencia, T\u00e9cnolog\u00eda e Innovaci\u00f3n, celebrado en el Palacio de Ferias y Congresos de M\u00e1laga. - Isoluz","og_description":"El pasado 13 y 14 de febrero tuvo lugar la celebraci\u00f3n de la 8\u00ba edici\u00f3n de Transfiere, Foro Europeo para la Ciencia, T\u00e9cnolog\u00eda e Innovaci\u00f3n; evento realizado en el Palacio de Ferias y Congresos de M\u00e1laga.","og_url":"https:\/\/www.isoluz.com\/8o-edicion-de-transfiere-foro-europeo-para-la-ciencia-tecnologia-e-innovacion-celebrado-en-el-palacio-de-ferias-y-congresos-de-malaga\/","og_site_name":"Isoluz","article_publisher":"https:\/\/www.facebook.com\/isoluzav","article_published_time":"2019-02-20T15:19:17+00:00","article_modified_time":"2020-02-26T13:27:16+00:00","og_image":[{"width":2000,"height":1333,"url":"https:\/\/www.isoluz.com\/wp-content\/uploads\/2020\/02\/transfiere-2019-01.jpg","type":"image\/jpeg"}],"author":"dacmail","twitter_card":"summary_large_image","twitter_misc":{"Written by":"dacmail","Est. reading time":"1 minute"},"schema":{"@context":"https:\/\/schema.org","@graph":[{"@type":"Article","@id":"https:\/\/www.isoluz.com\/8o-edicion-de-transfiere-foro-europeo-para-la-ciencia-tecnologia-e-innovacion-celebrado-en-el-palacio-de-ferias-y-congresos-de-malaga\/#article","isPartOf":{"@id":"https:\/\/www.isoluz.com\/8o-edicion-de-transfiere-foro-europeo-para-la-ciencia-tecnologia-e-innovacion-celebrado-en-el-palacio-de-ferias-y-congresos-de-malaga\/"},"author":{"name":"dacmail","@id":"https:\/\/www.isoluz.com\/en\/#\/schema\/person\/dc57e9a23f4b8d27d1bd821318d4b53d"},"headline":"8\u00ba Edici\u00f3n de Transfiere, Foro Europeo para la Ciencia, T\u00e9cnolog\u00eda e Innovaci\u00f3n, celebrado en el Palacio de Ferias y Congresos de M\u00e1laga.","datePublished":"2019-02-20T15:19:17+00:00","dateModified":"2020-02-26T13:27:16+00:00","mainEntityOfPage":{"@id":"https:\/\/www.isoluz.com\/8o-edicion-de-transfiere-foro-europeo-para-la-ciencia-tecnologia-e-innovacion-celebrado-en-el-palacio-de-ferias-y-congresos-de-malaga\/"},"wordCount":166,"commentCount":0,"publisher":{"@id":"https:\/\/www.isoluz.com\/en\/#organization"},"image":{"@id":"https:\/\/www.isoluz.com\/8o-edicion-de-transfiere-foro-europeo-para-la-ciencia-tecnologia-e-innovacion-celebrado-en-el-palacio-de-ferias-y-congresos-de-malaga\/#primaryimage"},"thumbnailUrl":"https:\/\/www.isoluz.com\/wp-content\/uploads\/2020\/02\/transfiere-2019-01.jpg","articleSection":["Sin categorizar"],"inLanguage":"fr-FR","potentialAction":[{"@type":"CommentAction","name":"Comment","target":["https:\/\/www.isoluz.com\/8o-edicion-de-transfiere-foro-europeo-para-la-ciencia-tecnologia-e-innovacion-celebrado-en-el-palacio-de-ferias-y-congresos-de-malaga\/#respond"]}]},{"@type":"WebPage","@id":"https:\/\/www.isoluz.com\/8o-edicion-de-transfiere-foro-europeo-para-la-ciencia-tecnologia-e-innovacion-celebrado-en-el-palacio-de-ferias-y-congresos-de-malaga\/","url":"https:\/\/www.isoluz.com\/8o-edicion-de-transfiere-foro-europeo-para-la-ciencia-tecnologia-e-innovacion-celebrado-en-el-palacio-de-ferias-y-congresos-de-malaga\/","name":"8\u00ba Edici\u00f3n de Transfiere, Foro Europeo para la Ciencia, T\u00e9cnolog\u00eda e Innovaci\u00f3n, celebrado en el Palacio de Ferias y Congresos de M\u00e1laga. - Isoluz","isPartOf":{"@id":"https:\/\/www.isoluz.com\/en\/#website"},"primaryImageOfPage":{"@id":"https:\/\/www.isoluz.com\/8o-edicion-de-transfiere-foro-europeo-para-la-ciencia-tecnologia-e-innovacion-celebrado-en-el-palacio-de-ferias-y-congresos-de-malaga\/#primaryimage"},"image":{"@id":"https:\/\/www.isoluz.com\/8o-edicion-de-transfiere-foro-europeo-para-la-ciencia-tecnologia-e-innovacion-celebrado-en-el-palacio-de-ferias-y-congresos-de-malaga\/#primaryimage"},"thumbnailUrl":"https:\/\/www.isoluz.com\/wp-content\/uploads\/2020\/02\/transfiere-2019-01.jpg","datePublished":"2019-02-20T15:19:17+00:00","dateModified":"2020-02-26T13:27:16+00:00","breadcrumb":{"@id":"https:\/\/www.isoluz.com\/8o-edicion-de-transfiere-foro-europeo-para-la-ciencia-tecnologia-e-innovacion-celebrado-en-el-palacio-de-ferias-y-congresos-de-malaga\/#breadcrumb"},"inLanguage":"fr-FR","potentialAction":[{"@type":"ReadAction","target":["https:\/\/www.isoluz.com\/8o-edicion-de-transfiere-foro-europeo-para-la-ciencia-tecnologia-e-innovacion-celebrado-en-el-palacio-de-ferias-y-congresos-de-malaga\/"]}]},{"@type":"ImageObject","inLanguage":"fr-FR","@id":"https:\/\/www.isoluz.com\/8o-edicion-de-transfiere-foro-europeo-para-la-ciencia-tecnologia-e-innovacion-celebrado-en-el-palacio-de-ferias-y-congresos-de-malaga\/#primaryimage","url":"https:\/\/www.isoluz.com\/wp-content\/uploads\/2020\/02\/transfiere-2019-01.jpg","contentUrl":"https:\/\/www.isoluz.com\/wp-content\/uploads\/2020\/02\/transfiere-2019-01.jpg","width":2000,"height":1333},{"@type":"BreadcrumbList","@id":"https:\/\/www.isoluz.com\/8o-edicion-de-transfiere-foro-europeo-para-la-ciencia-tecnologia-e-innovacion-celebrado-en-el-palacio-de-ferias-y-congresos-de-malaga\/#breadcrumb","itemListElement":[{"@type":"ListItem","position":1,"name":"Portada","item":"https:\/\/www.isoluz.com\/fr\/"},{"@type":"ListItem","position":2,"name":"8\u00ba Edici\u00f3n de Transfiere, Foro Europeo para la Ciencia, T\u00e9cnolog\u00eda e Innovaci\u00f3n, celebrado en el Palacio de Ferias y Congresos de M\u00e1laga."}]},{"@type":"WebSite","@id":"https:\/\/www.isoluz.com\/en\/#website","url":"https:\/\/www.isoluz.com\/en\/","name":"Isoluz","description":"Nous construisons des exp\u00e9riences \u00e9blouissantes qui connectent les id\u00e9es et les personnes.","publisher":{"@id":"https:\/\/www.isoluz.com\/en\/#organization"},"potentialAction":[{"@type":"SearchAction","target":{"@type":"EntryPoint","urlTemplate":"https:\/\/www.isoluz.com\/en\/?s={search_term_string}"},"query-input":{"@type":"PropertyValueSpecification","valueRequired":true,"valueName":"search_term_string"}}],"inLanguage":"fr-FR"},{"@type":"Organization","@id":"https:\/\/www.isoluz.com\/en\/#organization","name":"Isoluz","url":"https:\/\/www.isoluz.com\/en\/","logo":{"@type":"ImageObject","inLanguage":"fr-FR","@id":"https:\/\/www.isoluz.com\/en\/#\/schema\/logo\/image\/","url":"https:\/\/www.isoluz.com\/wp-content\/uploads\/2025\/02\/isoluz-logotipo.png","contentUrl":"https:\/\/www.isoluz.com\/wp-content\/uploads\/2025\/02\/isoluz-logotipo.png","width":467,"height":188,"caption":"Isoluz"},"image":{"@id":"https:\/\/www.isoluz.com\/en\/#\/schema\/logo\/image\/"},"sameAs":["https:\/\/www.facebook.com\/isoluzav","https:\/\/www.instagram.com\/isoluz_audiovisuales\/","https:\/\/www.linkedin.com\/company\/67884989\/admin\/"]},{"@type":"Person","@id":"https:\/\/www.isoluz.com\/en\/#\/schema\/person\/dc57e9a23f4b8d27d1bd821318d4b53d","name":"dacmail","image":{"@type":"ImageObject","inLanguage":"fr-FR","@id":"https:\/\/secure.gravatar.com\/avatar\/6558984ab2dc9134d66f12fd70deb173e481b74f155e0e6108a54b062919436d?s=96&d=mm&r=g","url":"https:\/\/secure.gravatar.com\/avatar\/6558984ab2dc9134d66f12fd70deb173e481b74f155e0e6108a54b062919436d?s=96&d=mm&r=g","contentUrl":"https:\/\/secure.gravatar.com\/avatar\/6558984ab2dc9134d66f12fd70deb173e481b74f155e0e6108a54b062919436d?s=96&d=mm&r=g","caption":"dacmail"},"url":"https:\/\/www.isoluz.com\/fr\/author\/dacmail\/"}]}},"_links":{"self":[{"href":"https:\/\/www.isoluz.com\/fr\/wp-json\/wp\/v2\/posts\/721","targetHints":{"allow":["GET"]}}],"collection":[{"href":"https:\/\/www.isoluz.com\/fr\/wp-json\/wp\/v2\/posts"}],"about":[{"href":"https:\/\/www.isoluz.com\/fr\/wp-json\/wp\/v2\/types\/post"}],"author":[{"embeddable":true,"href":"https:\/\/www.isoluz.com\/fr\/wp-json\/wp\/v2\/users\/1"}],"replies":[{"embeddable":true,"href":"https:\/\/www.isoluz.com\/fr\/wp-json\/wp\/v2\/comments?post=721"}],"version-history":[{"count":4,"href":"https:\/\/www.isoluz.com\/fr\/wp-json\/wp\/v2\/posts\/721\/revisions"}],"predecessor-version":[{"id":810,"href":"https:\/\/www.isoluz.com\/fr\/wp-json\/wp\/v2\/posts\/721\/revisions\/810"}],"wp:featuredmedia":[{"embeddable":true,"href":"https:\/\/www.isoluz.com\/fr\/wp-json\/wp\/v2\/media\/795"}],"wp:attachment":[{"href":"https:\/\/www.isoluz.com\/fr\/wp-json\/wp\/v2\/media?parent=721"}],"wp:term":[{"taxonomy":"category","embeddable":true,"href":"https:\/\/www.isoluz.com\/fr\/wp-json\/wp\/v2\/categories?post=721"},{"taxonomy":"post_tag","embeddable":true,"href":"https:\/\/www.isoluz.com\/fr\/wp-json\/wp\/v2\/tags?post=721"}],"curies":[{"name":"wp","href":"https:\/\/api.w.org\/{rel}","templated":true}]}}